{"id":985,"date":"2020-03-31T17:10:09","date_gmt":"2020-03-31T15:10:09","guid":{"rendered":"http:\/\/stowarzyszeniejestem.pl\/jestesmy\/?p=985"},"modified":"2020-03-31T17:10:09","modified_gmt":"2020-03-31T15:10:09","slug":"odszedl-jeden-z-najlepszych-polskich-kompozytorow","status":"publish","type":"post","link":"http:\/\/stowarzyszeniejestem.pl\/jestesmy\/2020\/03\/31\/odszedl-jeden-z-najlepszych-polskich-kompozytorow\/","title":{"rendered":"Odszed\u0142 jeden z najlepszych polskich kompozytor\u00f3w"},"content":{"rendered":"<p>29.03.2020 roku po ci\u0119\u017ckiej chorobie zmar\u0142 w Krakowie bardzo znany na \u015bwiecie Polak: Krzysztof Eugeniusz Penderecki (ur. 23 listopada 1933&nbsp; w D\u0119bicy) &#8211; polski kompozytor, dyrygent i pedagog muzyczny. Przedstawiciel polskiej szko\u0142y kompozytorskiej w latach sze\u015b\u0107dziesi\u0105tych. Profesor i rektor Akademii Muzycznej w Krakowie, cz\u0142onek Polskiej Akademii Umiej\u0119tno\u015bci. W 2012 roku dziennik ,,The Guardian&#8221;nazwa\u0142 go jednym z najwi\u0119kszych polskich kompozytor\u00f3w. Nale\u017cy wspomnie\u0107 przy okazji o innych naszych rodakach w tym fachu: Henryk Wieniawski, Stanis\u0142aw Moniuszko, W\u0142adys\u0142aw Szpilman, Piotr Szymanowski, Witold Lutos\u0142awski, Wojciech Kilar i Fryderyk Chopin.<\/p>\n<p>Penderecki skomponowa\u0142 cztery opery, osiem symfonii i szereg innych utwor\u00f3w orkiestrowych, koncert\u00f3w instrumentalnych, opraw\u0119 ch\u00f3raln\u0105 g\u0142\u00f3wnie tekst\u00f3w religijnych, a tak\u017ce utwory kameralne i instrumentalne. W\u015br\u00f3d jego najbardziej rozpoznawalnych utwor\u00f3w s\u0105 Ofiarom Hiroszimy &#8211; Tren, Pasja wed\u0142ug \u015bw. \u0141ukasza, Polskie Requiem oraz III Symfonia.<\/p>\n<p>Penderecki studiowa\u0142 kompozycj\u0119 w Pa\u0144stwowej Wy\u017cszej Szkole Muzycznej w Krakowie (obecnie Akademia Muzyczna w Krakowie), gdzie po uzyskaniu dyplomu podj\u0105\u0142 prac\u0119 nauczyciela akademickiego. Po raz pierwszy zdoby\u0142 rozg\u0142os w 1959 roku po premierowym wykonaniu utwor\u00f3w Strofy, Emanacje oraz Psalmy Dawida na festiwalu Warszawska Jesie\u0144. Powszechne uznanie przynios\u0142a mu kompozycja Tren na orkiestr\u0119 smyczkow\u0105,&nbsp; po\u015bwi\u0119cona ofiarom ataku atomowego na Hiroszim\u0119 oraz ch\u00f3ralne dzie\u0142o Pasja wed\u0142ug \u015bw. \u0141ukasza. Jego&nbsp; pierwsza opera, Diab\u0142y z Loudun, zosta\u0142a premierowo wystawiona w Hamburgu i Stuttgarcie&nbsp; w 1969 roku. Pocz\u0105wszy od po\u0142owy lat 70. styl kompozytorski Pendereckiego zmieni\u0142 si\u0119, a jego pierwszy koncert skrzypcowy skupi\u0142 si\u0119 na p\u00f3\u0142tonie i trytonie. W latach 80. powsta\u0142o jego ch\u00f3ralne dzie\u0142o Polskie Requiem .<\/p>\n<p>Jego muzyka niejednokrotnie wykorzystywana by\u0142a przez tw\u00f3rc\u00f3w filmowych. Utwory Pendereckiego znalaz\u0142y si\u0119 w takich filmach jak: &#8222;Egzorcysta&#8221; Williama Fredkina, &#8222;L\u015bnienie&#8221; Stanleya Kubricka, &#8222;Dziko\u015b\u0107 serca&#8221; Davida Lyncha, &#8222;Ludzkie dzieci&#8221; Alfonso Cuar\u00f3na, &#8222;Katy\u0144&#8221; Andrzeja Wajdy oraz 'Wyspa tajemnic&#8221; Martina Scorsese.<\/p>\n<p>Penderecki otrzyma\u0142 za swoj\u0105 prac\u0119 szereg presti\u017cowych nagr\u00f3d, w tym dwukrotnie Prix Italia: w 1967 i 1968 roku, oraz czterokrotnie Nagrod\u0119 Grammy: w 1988, 1999 (dwie) i 2017 roku. Szereg uczelni wy\u017cszych w Europie i Stanach Zjednoczonych przydzieli\u0142o mu tytu\u0142 doctora honoris causa. Penderecki posiada\u0142 honorowe obywatelstwo Bydgoszczy i by\u0142 honorowym prezesem Zwi\u0105zku Kompozytor\u00f3w Polskich. Otrzyma\u0142 szereg odznacze\u0144 pa\u0144stwowych. Kawaler najwy\u017cszego polskiego odznaczenia &#8211; Orderu Or\u0142a Bia\u0142ego.<\/p>\n<p>Szkoda, \u017ce w tak trudnym czasie dla ca\u0142ego \u015bwiata opu\u015bci\u0142 nas kolejny wielki rodak.<\/p>\n<p>&nbsp;<\/p>\n<p>&nbsp;<\/p>\n<p>&nbsp;<\/p>\n<p>&nbsp;<\/p>\n<p>&nbsp;<\/p>\n<p>&nbsp;<\/p>\n<p>&nbsp;<\/p>\n<p>&nbsp;<\/p>\n<p>&nbsp;<\/p>\n","protected":false},"excerpt":{"rendered":"<p>29.03.2020 roku po ci\u0119\u017ckiej chorobie zmar\u0142 w Krakowie bardzo znany na \u015bwiecie Polak: Krzysztof Eugeniusz Penderecki (ur. 23 listopada 1933&nbsp; w D\u0119bicy) &#8211; polski kompozytor, dyrygent i pedagog muzyczny. Przedstawiciel polskiej szko\u0142y kompozytorskiej w latach sze\u015b\u0107dziesi\u0105tych. Profesor i rektor Akademii Muzycznej w Krakowie, cz\u0142onek Polskiej Akademii Umiej\u0119tno\u015bci. W 2012 roku dziennik ,,The Guardian&#8221;nazwa\u0142 go jednym&#8230; <\/p>\n<div class=\"link-more\"><a href=\"http:\/\/stowarzyszeniejestem.pl\/jestesmy\/2020\/03\/31\/odszedl-jeden-z-najlepszych-polskich-kompozytorow\/\">Read More<\/a><\/div>\n","protected":false},"author":10,"featured_media":977,"comment_status":"open","ping_status":"open","sticky":false,"template":"","format":"standard","meta":{"_mi_skip_tracking":false,"ngg_post_thumbnail":0,"footnotes":""},"categories":[19],"tags":[],"class_list":["post-985","post","type-post","status-publish","format-standard","has-post-thumbnail","hentry","category-kultura"],"_links":{"self":[{"href":"http:\/\/stowarzyszeniejestem.pl\/jestesmy\/wp-json\/wp\/v2\/posts\/985","targetHints":{"allow":["GET"]}}],"collection":[{"href":"http:\/\/stowarzyszeniejestem.pl\/jestesmy\/wp-json\/wp\/v2\/posts"}],"about":[{"href":"http:\/\/stowarzyszeniejestem.pl\/jestesmy\/wp-json\/wp\/v2\/types\/post"}],"author":[{"embeddable":true,"href":"http:\/\/stowarzyszeniejestem.pl\/jestesmy\/wp-json\/wp\/v2\/users\/10"}],"replies":[{"embeddable":true,"href":"http:\/\/stowarzyszeniejestem.pl\/jestesmy\/wp-json\/wp\/v2\/comments?post=985"}],"version-history":[{"count":3,"href":"http:\/\/stowarzyszeniejestem.pl\/jestesmy\/wp-json\/wp\/v2\/posts\/985\/revisions"}],"predecessor-version":[{"id":1001,"href":"http:\/\/stowarzyszeniejestem.pl\/jestesmy\/wp-json\/wp\/v2\/posts\/985\/revisions\/1001"}],"wp:featuredmedia":[{"embeddable":true,"href":"http:\/\/stowarzyszeniejestem.pl\/jestesmy\/wp-json\/wp\/v2\/media\/977"}],"wp:attachment":[{"href":"http:\/\/stowarzyszeniejestem.pl\/jestesmy\/wp-json\/wp\/v2\/media?parent=985"}],"wp:term":[{"taxonomy":"category","embeddable":true,"href":"http:\/\/stowarzyszeniejestem.pl\/jestesmy\/wp-json\/wp\/v2\/categories?post=985"},{"taxonomy":"post_tag","embeddable":true,"href":"http:\/\/stowarzyszeniejestem.pl\/jestesmy\/wp-json\/wp\/v2\/tags?post=985"}],"curies":[{"name":"wp","href":"https:\/\/api.w.org\/{rel}","templated":true}]}}