{"id":339,"date":"2019-10-11T13:15:26","date_gmt":"2019-10-11T11:15:26","guid":{"rendered":"http:\/\/stowarzyszeniejestem.pl\/jestesmy\/?p=339"},"modified":"2019-10-14T13:13:14","modified_gmt":"2019-10-14T11:13:14","slug":"warszawa","status":"publish","type":"post","link":"http:\/\/stowarzyszeniejestem.pl\/jestesmy\/2019\/10\/11\/warszawa\/","title":{"rendered":"Audi ELAINE w WARSZAWIE"},"content":{"rendered":"<p>Widzia\u0142em to auto w warszawskim salonie. Jedna z kilku kopii na \u015bwiecie elektrycznego audi w\u0142a\u015bnie przyjecha\u0142a do Polski na kilka dni na prezentacj\u0119, a potem wr\u00f3ci\u0142a do Niemiec.&nbsp;<\/p>\n<!-- default-view.php -->\n<div\n\tclass=\"ngg-galleryoverview default-view \"\n\tid=\"ngg-gallery-2b21b111ff732b2df9a366b6eea90c10-1\">\n\n\t\t<!-- Thumbnails -->\n\t\t\t\t<div id=\"ngg-image-0\" class=\"ngg-gallery-thumbnail-box \" >\n\t\t\t\t        <div class=\"ngg-gallery-thumbnail\">\n            <a href=\"http:\/\/stowarzyszeniejestem.pl\/jestesmy\/wp-content\/gallery\/motoryzacja\/IMG-20190806-WA0036.jpg\"\n               title=\"\"\n               data-src=\"http:\/\/stowarzyszeniejestem.pl\/jestesmy\/wp-content\/gallery\/motoryzacja\/IMG-20190806-WA0036.jpg\"\n               data-thumbnail=\"http:\/\/stowarzyszeniejestem.pl\/jestesmy\/wp-content\/gallery\/motoryzacja\/thumbs\/thumbs_IMG-20190806-WA0036.jpg\"\n               data-image-id=\"26\"\n               data-title=\"IMG-20190806-WA0036\"\n               data-description=\"\"\n               data-image-slug=\"img-20190806-wa0036\"\n               class=\"ngg-simplelightbox\" rel=\"2b21b111ff732b2df9a366b6eea90c10\">\n                <img\n                    title=\"IMG-20190806-WA0036\"\n                    alt=\"IMG-20190806-WA0036\"\n                    src=\"http:\/\/stowarzyszeniejestem.pl\/jestesmy\/wp-content\/gallery\/motoryzacja\/thumbs\/thumbs_IMG-20190806-WA0036.jpg\"\n                    width=\"240\"\n                    height=\"160\"\n                    style=\"max-width:100%;\"\n                \/>\n            <\/a>\n        <\/div>\n\t\t\t\t\t\t\t<\/div> \n\t\t\t\n\t\t\t\t<div id=\"ngg-image-1\" class=\"ngg-gallery-thumbnail-box \" >\n\t\t\t\t        <div class=\"ngg-gallery-thumbnail\">\n            <a href=\"http:\/\/stowarzyszeniejestem.pl\/jestesmy\/wp-content\/gallery\/motoryzacja\/IMG-20190806-WA0028.jpg\"\n               title=\"\"\n               data-src=\"http:\/\/stowarzyszeniejestem.pl\/jestesmy\/wp-content\/gallery\/motoryzacja\/IMG-20190806-WA0028.jpg\"\n               data-thumbnail=\"http:\/\/stowarzyszeniejestem.pl\/jestesmy\/wp-content\/gallery\/motoryzacja\/thumbs\/thumbs_IMG-20190806-WA0028.jpg\"\n               data-image-id=\"27\"\n               data-title=\"IMG-20190806-WA0028\"\n               data-description=\"\"\n               data-image-slug=\"img-20190806-wa0028\"\n               class=\"ngg-simplelightbox\" rel=\"2b21b111ff732b2df9a366b6eea90c10\">\n                <img\n                    title=\"IMG-20190806-WA0028\"\n                    alt=\"IMG-20190806-WA0028\"\n                    src=\"http:\/\/stowarzyszeniejestem.pl\/jestesmy\/wp-content\/gallery\/motoryzacja\/thumbs\/thumbs_IMG-20190806-WA0028.jpg\"\n                    width=\"240\"\n                    height=\"160\"\n                    style=\"max-width:100%;\"\n                \/>\n            <\/a>\n        <\/div>\n\t\t\t\t\t\t\t<\/div> \n\t\t\t\n\t\t\t\t<div id=\"ngg-image-2\" class=\"ngg-gallery-thumbnail-box \" >\n\t\t\t\t        <div class=\"ngg-gallery-thumbnail\">\n            <a href=\"http:\/\/stowarzyszeniejestem.pl\/jestesmy\/wp-content\/gallery\/motoryzacja\/1_IMG-20190806-WA0036.jpg\"\n               title=\"\"\n               data-src=\"http:\/\/stowarzyszeniejestem.pl\/jestesmy\/wp-content\/gallery\/motoryzacja\/1_IMG-20190806-WA0036.jpg\"\n               data-thumbnail=\"http:\/\/stowarzyszeniejestem.pl\/jestesmy\/wp-content\/gallery\/motoryzacja\/thumbs\/thumbs_1_IMG-20190806-WA0036.jpg\"\n               data-image-id=\"28\"\n               data-title=\"1_IMG-20190806-WA0036\"\n               data-description=\"\"\n               data-image-slug=\"1_img-20190806-wa0036\"\n               class=\"ngg-simplelightbox\" rel=\"2b21b111ff732b2df9a366b6eea90c10\">\n                <img\n                    title=\"1_IMG-20190806-WA0036\"\n                    alt=\"1_IMG-20190806-WA0036\"\n                    src=\"http:\/\/stowarzyszeniejestem.pl\/jestesmy\/wp-content\/gallery\/motoryzacja\/thumbs\/thumbs_1_IMG-20190806-WA0036.jpg\"\n                    width=\"240\"\n                    height=\"160\"\n                    style=\"max-width:100%;\"\n                \/>\n            <\/a>\n        <\/div>\n\t\t\t\t\t\t\t<\/div> \n\t\t\t\n\t\t\t\t<div id=\"ngg-image-3\" class=\"ngg-gallery-thumbnail-box \" >\n\t\t\t\t        <div class=\"ngg-gallery-thumbnail\">\n            <a href=\"http:\/\/stowarzyszeniejestem.pl\/jestesmy\/wp-content\/gallery\/motoryzacja\/IMG-20190806-WA0034.jpg\"\n               title=\"\"\n               data-src=\"http:\/\/stowarzyszeniejestem.pl\/jestesmy\/wp-content\/gallery\/motoryzacja\/IMG-20190806-WA0034.jpg\"\n               data-thumbnail=\"http:\/\/stowarzyszeniejestem.pl\/jestesmy\/wp-content\/gallery\/motoryzacja\/thumbs\/thumbs_IMG-20190806-WA0034.jpg\"\n               data-image-id=\"29\"\n               data-title=\"IMG-20190806-WA0034\"\n               data-description=\"\"\n               data-image-slug=\"img-20190806-wa0034\"\n               class=\"ngg-simplelightbox\" rel=\"2b21b111ff732b2df9a366b6eea90c10\">\n                <img\n                    title=\"IMG-20190806-WA0034\"\n                    alt=\"IMG-20190806-WA0034\"\n                    src=\"http:\/\/stowarzyszeniejestem.pl\/jestesmy\/wp-content\/gallery\/motoryzacja\/thumbs\/thumbs_IMG-20190806-WA0034.jpg\"\n                    width=\"240\"\n                    height=\"160\"\n                    style=\"max-width:100%;\"\n                \/>\n            <\/a>\n        <\/div>\n\t\t\t\t\t\t\t<\/div> \n\t\t\t\n\t\t\t\t<div id=\"ngg-image-4\" class=\"ngg-gallery-thumbnail-box \" >\n\t\t\t\t        <div class=\"ngg-gallery-thumbnail\">\n            <a href=\"http:\/\/stowarzyszeniejestem.pl\/jestesmy\/wp-content\/gallery\/motoryzacja\/IMG-20190806-WA0031.jpg\"\n               title=\"\"\n               data-src=\"http:\/\/stowarzyszeniejestem.pl\/jestesmy\/wp-content\/gallery\/motoryzacja\/IMG-20190806-WA0031.jpg\"\n               data-thumbnail=\"http:\/\/stowarzyszeniejestem.pl\/jestesmy\/wp-content\/gallery\/motoryzacja\/thumbs\/thumbs_IMG-20190806-WA0031.jpg\"\n               data-image-id=\"30\"\n               data-title=\"IMG-20190806-WA0031\"\n               data-description=\"\"\n               data-image-slug=\"img-20190806-wa0031\"\n               class=\"ngg-simplelightbox\" rel=\"2b21b111ff732b2df9a366b6eea90c10\">\n                <img\n                    title=\"IMG-20190806-WA0031\"\n                    alt=\"IMG-20190806-WA0031\"\n                    src=\"http:\/\/stowarzyszeniejestem.pl\/jestesmy\/wp-content\/gallery\/motoryzacja\/thumbs\/thumbs_IMG-20190806-WA0031.jpg\"\n                    width=\"240\"\n                    height=\"160\"\n                    style=\"max-width:100%;\"\n                \/>\n            <\/a>\n        <\/div>\n\t\t\t\t\t\t\t<\/div> \n\t\t\t\n\t\t\t\t<div id=\"ngg-image-5\" class=\"ngg-gallery-thumbnail-box \" >\n\t\t\t\t        <div class=\"ngg-gallery-thumbnail\">\n            <a href=\"http:\/\/stowarzyszeniejestem.pl\/jestesmy\/wp-content\/gallery\/motoryzacja\/IMG-20190806-WA0027.jpg\"\n               title=\"\"\n               data-src=\"http:\/\/stowarzyszeniejestem.pl\/jestesmy\/wp-content\/gallery\/motoryzacja\/IMG-20190806-WA0027.jpg\"\n               data-thumbnail=\"http:\/\/stowarzyszeniejestem.pl\/jestesmy\/wp-content\/gallery\/motoryzacja\/thumbs\/thumbs_IMG-20190806-WA0027.jpg\"\n               data-image-id=\"31\"\n               data-title=\"IMG-20190806-WA0027\"\n               data-description=\"\"\n               data-image-slug=\"img-20190806-wa0027\"\n               class=\"ngg-simplelightbox\" rel=\"2b21b111ff732b2df9a366b6eea90c10\">\n                <img\n                    title=\"IMG-20190806-WA0027\"\n                    alt=\"IMG-20190806-WA0027\"\n                    src=\"http:\/\/stowarzyszeniejestem.pl\/jestesmy\/wp-content\/gallery\/motoryzacja\/thumbs\/thumbs_IMG-20190806-WA0027.jpg\"\n                    width=\"240\"\n                    height=\"160\"\n                    style=\"max-width:100%;\"\n                \/>\n            <\/a>\n        <\/div>\n\t\t\t\t\t\t\t<\/div> \n\t\t\t\n\t\t\t\t<div id=\"ngg-image-6\" class=\"ngg-gallery-thumbnail-box \" >\n\t\t\t\t        <div class=\"ngg-gallery-thumbnail\">\n            <a href=\"http:\/\/stowarzyszeniejestem.pl\/jestesmy\/wp-content\/gallery\/motoryzacja\/IMG-20190806-WA0031-1.jpg\"\n               title=\"\"\n               data-src=\"http:\/\/stowarzyszeniejestem.pl\/jestesmy\/wp-content\/gallery\/motoryzacja\/IMG-20190806-WA0031-1.jpg\"\n               data-thumbnail=\"http:\/\/stowarzyszeniejestem.pl\/jestesmy\/wp-content\/gallery\/motoryzacja\/thumbs\/thumbs_IMG-20190806-WA0031-1.jpg\"\n               data-image-id=\"32\"\n               data-title=\"IMG-20190806-WA0031-1\"\n               data-description=\"\"\n               data-image-slug=\"img-20190806-wa0031-1\"\n               class=\"ngg-simplelightbox\" rel=\"2b21b111ff732b2df9a366b6eea90c10\">\n                <img\n                    title=\"IMG-20190806-WA0031-1\"\n                    alt=\"IMG-20190806-WA0031-1\"\n                    src=\"http:\/\/stowarzyszeniejestem.pl\/jestesmy\/wp-content\/gallery\/motoryzacja\/thumbs\/thumbs_IMG-20190806-WA0031-1.jpg\"\n                    width=\"240\"\n                    height=\"160\"\n                    style=\"max-width:100%;\"\n                \/>\n            <\/a>\n        <\/div>\n\t\t\t\t\t\t\t<\/div> \n\t\t\t\n\t\n\t<br style=\"clear: both\" \/>\n\n\t\n\t\t<!-- Pagination -->\n\t<div class='ngg-clear'><\/div>\t<\/div>\n\n","protected":false},"excerpt":{"rendered":"<p>Widzia\u0142em to auto w warszawskim salonie. Jedna z kilku kopii na \u015bwiecie elektrycznego audi w\u0142a\u015bnie przyjecha\u0142a do Polski na kilka dni na prezentacj\u0119, a potem wr\u00f3ci\u0142a do Niemiec.&nbsp;<\/p>\n","protected":false},"author":2,"featured_media":0,"comment_status":"open","ping_status":"open","sticky":false,"template":"","format":"standard","meta":{"_mi_skip_tracking":false,"ngg_post_thumbnail":0,"footnotes":""},"categories":[7],"tags":[],"class_list":["post-339","post","type-post","status-publish","format-standard","hentry","category-motoryzacja"],"_links":{"self":[{"href":"http:\/\/stowarzyszeniejestem.pl\/jestesmy\/wp-json\/wp\/v2\/posts\/339","targetHints":{"allow":["GET"]}}],"collection":[{"href":"http:\/\/stowarzyszeniejestem.pl\/jestesmy\/wp-json\/wp\/v2\/posts"}],"about":[{"href":"http:\/\/stowarzyszeniejestem.pl\/jestesmy\/wp-json\/wp\/v2\/types\/post"}],"author":[{"embeddable":true,"href":"http:\/\/stowarzyszeniejestem.pl\/jestesmy\/wp-json\/wp\/v2\/users\/2"}],"replies":[{"embeddable":true,"href":"http:\/\/stowarzyszeniejestem.pl\/jestesmy\/wp-json\/wp\/v2\/comments?post=339"}],"version-history":[{"count":7,"href":"http:\/\/stowarzyszeniejestem.pl\/jestesmy\/wp-json\/wp\/v2\/posts\/339\/revisions"}],"predecessor-version":[{"id":435,"href":"http:\/\/stowarzyszeniejestem.pl\/jestesmy\/wp-json\/wp\/v2\/posts\/339\/revisions\/435"}],"wp:attachment":[{"href":"http:\/\/stowarzyszeniejestem.pl\/jestesmy\/wp-json\/wp\/v2\/media?parent=339"}],"wp:term":[{"taxonomy":"category","embeddable":true,"href":"http:\/\/stowarzyszeniejestem.pl\/jestesmy\/wp-json\/wp\/v2\/categories?post=339"},{"taxonomy":"post_tag","embeddable":true,"href":"http:\/\/stowarzyszeniejestem.pl\/jestesmy\/wp-json\/wp\/v2\/tags?post=339"}],"curies":[{"name":"wp","href":"https:\/\/api.w.org\/{rel}","templated":true}]}}