{"id":1696,"date":"2022-08-22T11:56:37","date_gmt":"2022-08-22T09:56:37","guid":{"rendered":"http:\/\/stowarzyszeniejestem.pl\/jestesmy\/?p=1696"},"modified":"2022-08-22T11:56:37","modified_gmt":"2022-08-22T09:56:37","slug":"wroclaw-miasto-120-mostow","status":"publish","type":"post","link":"http:\/\/stowarzyszeniejestem.pl\/jestesmy\/2022\/08\/22\/wroclaw-miasto-120-mostow\/","title":{"rendered":"Wroc\u0142aw &#8211; miasto 120 most\u00f3w"},"content":{"rendered":"<p>Zgodnie z tradycj\u0105, gr\u00f3d we Wroc\u0142awiu zosta\u0142 za\u0142o\u017cony przez czeskiego ksi\u0119cia Wratys\u0142awa ( panowa\u0142 w latach 915 \u2013 921 ). St\u0105d te\u017c prawdopodobnie od imienia za\u0142o\u017cyciela, wzi\u0119\u0142a si\u0119 nazwa Wroc\u0142aw. W roku 985 na Ostrowie Tumskim powsta\u0142 pierwszy gr\u00f3d wybudowany przez Mieszka I. W tym te\u017c okresie miasto z reszt\u0105 \u015al\u0105ska przesz\u0142o we w\u0142adanie rodu Piast\u00f3w.<\/p>\n<p>&nbsp; &nbsp;&nbsp;&nbsp;&nbsp;&nbsp;&nbsp;&nbsp;&nbsp;&nbsp;&nbsp;&nbsp; Co warto zobaczy\u0107 we Wroc\u0142awiu, b\u0119d\u0105cym stolic\u0105 Dolnego \u015al\u0105ska? Na pewno wspomniany Ostr\u00f3w Tumski z gotyck\u0105 archikatedr\u0105 \u015bw. Jana Chrzciciela i muzeum katedralne&nbsp; z autentyczn\u0105 mumi\u0105 egipsk\u0105. Dalej oczywi\u015bcie Stare Miasto. Warto podkre\u015bli\u0107, \u017ce wroc\u0142awski Rynek jest drugi pod wzgl\u0119dem wielko\u015bci w Polsce. Na pierwszym miejscu jest Rynek w Krakowie. Opr\u00f3cz charakterystycznego&nbsp; ratusza s\u0105 tu r\u00f3wnie malownicze kamienice: Ja\u015b i Ma\u0142gosia. To dwie \u015bredniowieczne kamienice w p\u00f3\u0142nocno \u2013 zachodnim naro\u017cniku wroc\u0142awskiego Rynku, po\u0142\u0105czone ze sob\u0105 arkad\u0105. Mi\u0119dzy kamieniczkami, pod arkad\u0105 znajdowa\u0142o si\u0119 wej\u015bcie na zlikwidowany w XVIII w. cmentarz, o czym przypomina napis \u201e Mors Ianua Vitae \u201e \u2013 \u201e \u015amier\u0107 bram\u0105 \u017cycia\u201e. Ponadto plac Solny \u2013 rynek pomocniczy Starego Miasta, wytyczony w 1242 r. na po\u0142udniowy zach\u00f3d od Rynku. Plac s\u0142u\u017cy\u0142 jako targowisko. Handlowano tu g\u0142\u00f3wnie sol\u0105 sprowadzan\u0105 z Wieliczki. St\u0105d nazwa. Obecnie to g\u0142\u00f3wnie targ kwiatowy. Kilka stoisk z kwiatami czynnych jest tu ca\u0142\u0105 dob\u0119, przez 7 dni w tygodniu. W samym mie\u015bcie zachowa\u0142o si\u0119 ponad 8 tys. zabytkowych kamienic.<\/p>\n<p>&nbsp;&nbsp;&nbsp;&nbsp;&nbsp;&nbsp;&nbsp;&nbsp;&nbsp;&nbsp;&nbsp;&nbsp;&nbsp; We Wroc\u0142awiu znajduje si\u0119 te\u017c Panorama Rac\u0142awicka, wielkie malowid\u0142o (15x114m) rozwieszone na \u015bcianach rotundy, dzi\u0119ki czemu widz znajduje si\u0119 w centrum wydarze\u0144 umieszczonych na p\u0142\u00f3tnie. Pomys\u0142odawc\u0105 Panoramy by\u0142 lwowski malarz Jan Styka. Ponadto warto zobaczy\u0107 modernistyczn\u0105 Hal\u0119 Stulecia z 1913 r. i oczywi\u015bcie barokowe budynki Uniwersytetu Wroc\u0142awskiego z Aul\u0105 Leopoldina. Wroc\u0142aw to te\u017c Ogr\u00f3d Zoologiczny powsta\u0142y w 1865 r. Obecnie jest to najstarsze zoo w Polsce. Ogr\u00f3d mo\u017ce si\u0119 poszczyci\u0107 najwi\u0119ksz\u0105 liczb\u0105 zwierz\u0105t, jego 33 hektarow\u0105 powierzchni\u0119 zamieszkuje 7000 zwierz\u0105t nale\u017c\u0105cych do ponad sze\u015bciuset gatunk\u00f3w.<\/p>\n<p>&nbsp; &nbsp;&nbsp;&nbsp;&nbsp;&nbsp;&nbsp;&nbsp;&nbsp;&nbsp;&nbsp;&nbsp; Wroc\u0142aw cz\u0119sto jest nazywany \u201eWenecj\u0105 P\u00f3\u0142nocy\u201e. Posiada 120 most\u00f3w i zajmuje pod tym wzgl\u0119dem 4 miejsce w Europie za Wenecj\u0105, Amsterdamem i Sankt Petersburgiem. Wg danych GUS z 2019 r. Wroc\u0142aw liczy 640 tys.mieszka\u0144c\u00f3w.<\/p>\n<p>&nbsp;&nbsp;&nbsp;&nbsp;&nbsp;&nbsp;&nbsp;&nbsp;&nbsp;&nbsp;&nbsp;&nbsp;&nbsp; Po II wojnie \u015bwiatowej Wroc\u0142aw wraz z Ziemiami Odzyskanymi zosta\u0142 przy\u0142\u0105czony do Polski. Popularna by\u0142a swego czasu anegdota. Mieszkaniec Wroc\u0142awia na pytanie \u201ePan z Wroc\u0142awia?\u201d odpowiada \u201eTak, ja ze Lwowa\u201d\u2026 Nic doda\u0107, nic uj\u0105\u0107\u2026<\/p>\n<p>Autor: Ma\u0142gorzata Markowska<\/p>\n<p>Zdj\u0119cie: https:\/\/www.polska.travel\/pl\/glowne-miasta\/wroclaw<\/p>\n","protected":false},"excerpt":{"rendered":"<p>Zgodnie z tradycj\u0105, gr\u00f3d we Wroc\u0142awiu zosta\u0142 za\u0142o\u017cony przez czeskiego ksi\u0119cia Wratys\u0142awa ( panowa\u0142 w latach 915 \u2013 921 ). St\u0105d te\u017c prawdopodobnie od imienia za\u0142o\u017cyciela, wzi\u0119\u0142a si\u0119 nazwa Wroc\u0142aw. W roku 985 na Ostrowie Tumskim powsta\u0142 pierwszy gr\u00f3d wybudowany przez Mieszka I. W tym te\u017c okresie miasto z reszt\u0105 \u015al\u0105ska przesz\u0142o we w\u0142adanie rodu&#8230; <\/p>\n<div class=\"link-more\"><a href=\"http:\/\/stowarzyszeniejestem.pl\/jestesmy\/2022\/08\/22\/wroclaw-miasto-120-mostow\/\">Read More<\/a><\/div>\n","protected":false},"author":18,"featured_media":1697,"comment_status":"open","ping_status":"open","sticky":false,"template":"","format":"standard","meta":{"_mi_skip_tracking":false,"ngg_post_thumbnail":0,"footnotes":""},"categories":[19],"tags":[],"class_list":["post-1696","post","type-post","status-publish","format-standard","has-post-thumbnail","hentry","category-kultura"],"_links":{"self":[{"href":"http:\/\/stowarzyszeniejestem.pl\/jestesmy\/wp-json\/wp\/v2\/posts\/1696","targetHints":{"allow":["GET"]}}],"collection":[{"href":"http:\/\/stowarzyszeniejestem.pl\/jestesmy\/wp-json\/wp\/v2\/posts"}],"about":[{"href":"http:\/\/stowarzyszeniejestem.pl\/jestesmy\/wp-json\/wp\/v2\/types\/post"}],"author":[{"embeddable":true,"href":"http:\/\/stowarzyszeniejestem.pl\/jestesmy\/wp-json\/wp\/v2\/users\/18"}],"replies":[{"embeddable":true,"href":"http:\/\/stowarzyszeniejestem.pl\/jestesmy\/wp-json\/wp\/v2\/comments?post=1696"}],"version-history":[{"count":1,"href":"http:\/\/stowarzyszeniejestem.pl\/jestesmy\/wp-json\/wp\/v2\/posts\/1696\/revisions"}],"predecessor-version":[{"id":1698,"href":"http:\/\/stowarzyszeniejestem.pl\/jestesmy\/wp-json\/wp\/v2\/posts\/1696\/revisions\/1698"}],"wp:featuredmedia":[{"embeddable":true,"href":"http:\/\/stowarzyszeniejestem.pl\/jestesmy\/wp-json\/wp\/v2\/media\/1697"}],"wp:attachment":[{"href":"http:\/\/stowarzyszeniejestem.pl\/jestesmy\/wp-json\/wp\/v2\/media?parent=1696"}],"wp:term":[{"taxonomy":"category","embeddable":true,"href":"http:\/\/stowarzyszeniejestem.pl\/jestesmy\/wp-json\/wp\/v2\/categories?post=1696"},{"taxonomy":"post_tag","embeddable":true,"href":"http:\/\/stowarzyszeniejestem.pl\/jestesmy\/wp-json\/wp\/v2\/tags?post=1696"}],"curies":[{"name":"wp","href":"https:\/\/api.w.org\/{rel}","templated":true}]}}