{"id":1685,"date":"2022-06-06T10:11:01","date_gmt":"2022-06-06T08:11:01","guid":{"rendered":"https:\/\/stowarzyszeniejestem.pl\/jestesmy\/?p=1685"},"modified":"2022-06-06T10:13:05","modified_gmt":"2022-06-06T08:13:05","slug":"projekt-riese-czy-remigiusz-mroz-zanadto-popuscil-wodze-wyobrazni","status":"publish","type":"post","link":"http:\/\/stowarzyszeniejestem.pl\/jestesmy\/2022\/06\/06\/projekt-riese-czy-remigiusz-mroz-zanadto-popuscil-wodze-wyobrazni\/","title":{"rendered":"PROJEKT RIESE \u2013 CZY REMIGIUSZ MR\u00d3Z ZANADTO POPU\u015aCI\u0141 WODZE WYOBRA\u0179NI?"},"content":{"rendered":"<p>W ostatnie \u015awi\u0119ta postanowi\u0142am przeczyta\u0107 najnowsz\u0105 ksi\u0105\u017ck\u0119 Remigiusza Mroza \u201eProjekt Riese\u201d. Sam tytu\u0142 brzmia\u0142 znajomo, gdy\u017c z racji tego, \u017ce pochodz\u0119 z Dolnego \u015al\u0105ska, nie mog\u0142am nie s\u0142ysze\u0107 o podziemnych kompleksach III Rzeszy w G\u00f3rach Sowich.<\/p>\n<p>&nbsp; &nbsp;&nbsp;&nbsp;&nbsp;&nbsp;&nbsp;&nbsp;&nbsp;&nbsp;&nbsp;&nbsp; Autor&nbsp; w spos\u00f3b niezwykle oryginalny pr\u00f3buje zg\u0142\u0119bi\u0107 tajemnic\u0119 tych\u017ce budowli. By\u0142y ju\u017c ksi\u0105\u017cki i filmy o przenoszeniu si\u0119 w czasie, ale tutaj mamy zupe\u0142nie co\u015b innego. R\u00f3wnoleg\u0142e linie czasu, oparte o tward\u0105 podstaw\u0119 teorii wzgl\u0119dno\u015bci Alberta Einsteina. Wszystko to uzupe\u0142nione o signum temporis XXI w., czyli Covid-19, nieprzewidywalne mutacje Sars-Cov2 i poszukiwania naprawd\u0119 skutecznej szczepionki. Do tego dodajmy wizje \u015bwiata pogr\u0105\u017conego w anarchii, gdy wi\u0119kszo\u015b\u0107 z nas choruje i umiera na Covid-19 oraz nie dokonane nigdy wybory historii 1939r., 1989r\u2026.Nigdy? A mo\u017ce tylko nie w naszej linii czasu? Tylko fantasy?<\/p>\n<p>&nbsp;&nbsp;&nbsp;&nbsp;&nbsp;&nbsp; &nbsp;&nbsp;&nbsp;&nbsp;&nbsp;&nbsp;&nbsp;&nbsp;&nbsp;&nbsp;&nbsp; Polecam.<\/p>\n<p>Autor tekstu: Ma\u0142gorzata Markowska<\/p>\n<p>&nbsp;<\/p>\n<p>Zdj\u0119cie pobrane ze strony : https:\/\/www.goodreads.com\/book\/show\/60040189-projekt-riese<\/p>\n","protected":false},"excerpt":{"rendered":"<p>W ostatnie \u015awi\u0119ta postanowi\u0142am przeczyta\u0107 najnowsz\u0105 ksi\u0105\u017ck\u0119 Remigiusza Mroza \u201eProjekt Riese\u201d. Sam tytu\u0142 brzmia\u0142 znajomo, gdy\u017c z racji tego, \u017ce pochodz\u0119 z Dolnego \u015al\u0105ska, nie mog\u0142am nie s\u0142ysze\u0107 o podziemnych kompleksach III Rzeszy w G\u00f3rach Sowich. &nbsp; &nbsp;&nbsp;&nbsp;&nbsp;&nbsp;&nbsp;&nbsp;&nbsp;&nbsp;&nbsp;&nbsp; Autor&nbsp; w spos\u00f3b niezwykle oryginalny pr\u00f3buje zg\u0142\u0119bi\u0107 tajemnic\u0119 tych\u017ce budowli. By\u0142y ju\u017c ksi\u0105\u017cki i filmy o przenoszeniu&#8230; <\/p>\n<div class=\"link-more\"><a href=\"http:\/\/stowarzyszeniejestem.pl\/jestesmy\/2022\/06\/06\/projekt-riese-czy-remigiusz-mroz-zanadto-popuscil-wodze-wyobrazni\/\">Read More<\/a><\/div>\n","protected":false},"author":18,"featured_media":1686,"comment_status":"open","ping_status":"open","sticky":false,"template":"","format":"standard","meta":{"_mi_skip_tracking":false,"ngg_post_thumbnail":0,"footnotes":""},"categories":[19],"tags":[],"class_list":["post-1685","post","type-post","status-publish","format-standard","has-post-thumbnail","hentry","category-kultura"],"_links":{"self":[{"href":"http:\/\/stowarzyszeniejestem.pl\/jestesmy\/wp-json\/wp\/v2\/posts\/1685","targetHints":{"allow":["GET"]}}],"collection":[{"href":"http:\/\/stowarzyszeniejestem.pl\/jestesmy\/wp-json\/wp\/v2\/posts"}],"about":[{"href":"http:\/\/stowarzyszeniejestem.pl\/jestesmy\/wp-json\/wp\/v2\/types\/post"}],"author":[{"embeddable":true,"href":"http:\/\/stowarzyszeniejestem.pl\/jestesmy\/wp-json\/wp\/v2\/users\/18"}],"replies":[{"embeddable":true,"href":"http:\/\/stowarzyszeniejestem.pl\/jestesmy\/wp-json\/wp\/v2\/comments?post=1685"}],"version-history":[{"count":2,"href":"http:\/\/stowarzyszeniejestem.pl\/jestesmy\/wp-json\/wp\/v2\/posts\/1685\/revisions"}],"predecessor-version":[{"id":1688,"href":"http:\/\/stowarzyszeniejestem.pl\/jestesmy\/wp-json\/wp\/v2\/posts\/1685\/revisions\/1688"}],"wp:featuredmedia":[{"embeddable":true,"href":"http:\/\/stowarzyszeniejestem.pl\/jestesmy\/wp-json\/wp\/v2\/media\/1686"}],"wp:attachment":[{"href":"http:\/\/stowarzyszeniejestem.pl\/jestesmy\/wp-json\/wp\/v2\/media?parent=1685"}],"wp:term":[{"taxonomy":"category","embeddable":true,"href":"http:\/\/stowarzyszeniejestem.pl\/jestesmy\/wp-json\/wp\/v2\/categories?post=1685"},{"taxonomy":"post_tag","embeddable":true,"href":"http:\/\/stowarzyszeniejestem.pl\/jestesmy\/wp-json\/wp\/v2\/tags?post=1685"}],"curies":[{"name":"wp","href":"https:\/\/api.w.org\/{rel}","templated":true}]}}