{"id":1629,"date":"2022-02-23T14:59:30","date_gmt":"2022-02-23T13:59:30","guid":{"rendered":"http:\/\/stowarzyszeniejestem.pl\/jestesmy\/?p=1629"},"modified":"2022-02-23T14:59:30","modified_gmt":"2022-02-23T13:59:30","slug":"zimowe-igrzyska-olimpijskie-pekin-2022-zakonczone","status":"publish","type":"post","link":"http:\/\/stowarzyszeniejestem.pl\/jestesmy\/2022\/02\/23\/zimowe-igrzyska-olimpijskie-pekin-2022-zakonczone\/","title":{"rendered":"Zimowe Igrzyska Olimpijskie Pekin 2022 zako\u0144czone"},"content":{"rendered":"<p>Zimowe Igrzyska Olimpijskie Pekin 2022 20.02.2022 roku oficjalnie zosta\u0142y zamkni\u0119te. Na ich temat my mamy niewiele do powiedzenia. Z wielkim smutkiem podaj\u0119 medalow\u0105 kolejno\u015b\u0107 reprezentacji uczestnicz\u0105cych w zawodach. Pierwsze miejsce zaj\u0119\u0142a Norwegia z osiemnastoma z\u0142otymi medalami, dziesi\u0119cioma srebrnymi i pi\u0119cioma br\u0105zowymi medalami, drugie miejsce zaj\u0119li Niemcy zdobywaj\u0105c dwana\u015bcie z\u0142otych, dziesi\u0119\u0107 srebrnych i pi\u0119\u0107 br\u0105zowych medali, trzecie miejsce zaj\u0119\u0142y Chiny zdobywaj\u0105c dwana\u015bcie z\u0142otych, dziesi\u0119\u0107 srebrnych i pi\u0119\u0107 br\u0105zowych medali. Polska zaj\u0119\u0142a dwudzieste si\u00f3dme miejsce z jednym br\u0105zowym medalem.<\/p>\n<p>Ten jedyny medal zdoby\u0142 nasz skoczek Dawid Kubacki na skoczni normalnej.<\/p>\n<p>Te igrzyska by\u0142y dla nas bardzo smutne i po latach lepszych w naszych zimowych sportach medalach Adama Ma\u0142ysza, Kamila Stocha i Justyny Kowalczyk nasta\u0142y zn\u00f3w lata posuchy. Oby trwa\u0142y one kr\u00f3tko.<\/p>\n<p>\u0179r\u00f3d\u0142o: sportowefakty.pl&nbsp; z dn. 20.02.2022 r.<\/p>\n","protected":false},"excerpt":{"rendered":"<p>Zimowe Igrzyska Olimpijskie Pekin 2022 20.02.2022 roku oficjalnie zosta\u0142y zamkni\u0119te. Na ich temat my mamy niewiele do powiedzenia. Z wielkim smutkiem podaj\u0119 medalow\u0105 kolejno\u015b\u0107 reprezentacji uczestnicz\u0105cych w zawodach. Pierwsze miejsce zaj\u0119\u0142a Norwegia z osiemnastoma z\u0142otymi medalami, dziesi\u0119cioma srebrnymi i pi\u0119cioma br\u0105zowymi medalami, drugie miejsce zaj\u0119li Niemcy zdobywaj\u0105c dwana\u015bcie z\u0142otych, dziesi\u0119\u0107 srebrnych i pi\u0119\u0107 br\u0105zowych medali,&#8230; <\/p>\n<div class=\"link-more\"><a href=\"http:\/\/stowarzyszeniejestem.pl\/jestesmy\/2022\/02\/23\/zimowe-igrzyska-olimpijskie-pekin-2022-zakonczone\/\">Read More<\/a><\/div>\n","protected":false},"author":10,"featured_media":1628,"comment_status":"open","ping_status":"open","sticky":false,"template":"","format":"standard","meta":{"_mi_skip_tracking":false,"ngg_post_thumbnail":0,"footnotes":""},"categories":[11],"tags":[],"class_list":["post-1629","post","type-post","status-publish","format-standard","has-post-thumbnail","hentry","category-sport"],"_links":{"self":[{"href":"http:\/\/stowarzyszeniejestem.pl\/jestesmy\/wp-json\/wp\/v2\/posts\/1629","targetHints":{"allow":["GET"]}}],"collection":[{"href":"http:\/\/stowarzyszeniejestem.pl\/jestesmy\/wp-json\/wp\/v2\/posts"}],"about":[{"href":"http:\/\/stowarzyszeniejestem.pl\/jestesmy\/wp-json\/wp\/v2\/types\/post"}],"author":[{"embeddable":true,"href":"http:\/\/stowarzyszeniejestem.pl\/jestesmy\/wp-json\/wp\/v2\/users\/10"}],"replies":[{"embeddable":true,"href":"http:\/\/stowarzyszeniejestem.pl\/jestesmy\/wp-json\/wp\/v2\/comments?post=1629"}],"version-history":[{"count":3,"href":"http:\/\/stowarzyszeniejestem.pl\/jestesmy\/wp-json\/wp\/v2\/posts\/1629\/revisions"}],"predecessor-version":[{"id":1634,"href":"http:\/\/stowarzyszeniejestem.pl\/jestesmy\/wp-json\/wp\/v2\/posts\/1629\/revisions\/1634"}],"wp:featuredmedia":[{"embeddable":true,"href":"http:\/\/stowarzyszeniejestem.pl\/jestesmy\/wp-json\/wp\/v2\/media\/1628"}],"wp:attachment":[{"href":"http:\/\/stowarzyszeniejestem.pl\/jestesmy\/wp-json\/wp\/v2\/media?parent=1629"}],"wp:term":[{"taxonomy":"category","embeddable":true,"href":"http:\/\/stowarzyszeniejestem.pl\/jestesmy\/wp-json\/wp\/v2\/categories?post=1629"},{"taxonomy":"post_tag","embeddable":true,"href":"http:\/\/stowarzyszeniejestem.pl\/jestesmy\/wp-json\/wp\/v2\/tags?post=1629"}],"curies":[{"name":"wp","href":"https:\/\/api.w.org\/{rel}","templated":true}]}}