{"id":1545,"date":"2021-07-12T09:32:09","date_gmt":"2021-07-12T07:32:09","guid":{"rendered":"http:\/\/stowarzyszeniejestem.pl\/jestesmy\/?p=1545"},"modified":"2021-07-22T13:57:54","modified_gmt":"2021-07-22T11:57:54","slug":"chcialabym-abys-byl-ze-mnie-dumny","status":"publish","type":"post","link":"http:\/\/stowarzyszeniejestem.pl\/jestesmy\/2021\/07\/12\/chcialabym-abys-byl-ze-mnie-dumny\/","title":{"rendered":"\u201eChcia\u0142abym, aby\u015b by\u0142 ze mnie dumny \u2026\u201d"},"content":{"rendered":"<p style=\"text-align: left;\">Psychologi\u0105 interesuj\u0119 si\u0119 ju\u017c od do\u015b\u0107 dawna. Szczeg\u00f3lnie ciekawi\u0105 mnie mechanizmy ludzkiego post\u0119powania, ludzkich zachowa\u0144. Kilka lat temu wpad\u0142a mi w r\u0119ce ksi\u0105\u017cka Viktora Frankla pt.: \u201eCz\u0142owiek w poszukiwaniu sensu\u201d. Mo\u017ce najpierw kilka s\u0142\u00f3w o autorze, bo to cz\u0142owiek bardzo ciekawy. Urodzi\u0142 si\u0119 w 1905 roku w Wiedniu, zmar\u0142 w roku 1997. By\u0142 austriackim psychiatr\u0105 i &nbsp;psychoterapeut\u0105. W latach 1942 -1945 przebywa\u0142 w obozach koncentracyjnych, m. in. w Auschwitz. Jest tw\u00f3rc\u0105 logoterapii, czyli metody psychoterapeutycznej ukierunkowanej na rozwa\u017cania nad sensem \u017cycia. Znana jest przede wszystkim jego bestsellerowa ksi\u0105\u017cka, kt\u00f3r\u0105 wymieni\u0142am na pocz\u0105tku.&nbsp;&nbsp;&nbsp;&nbsp;&nbsp;&nbsp;&nbsp;&nbsp;&nbsp;&nbsp;&nbsp;&nbsp;&nbsp;&nbsp;<\/p>\n<p style=\"text-align: left;\">W ksi\u0105\u017cce tej autor opisuje swoje obserwacje i przemy\u015blenia, kt\u00f3re poczyni\u0142, przebywaj\u0105c w obozach koncentracyjnych. Zauwa\u017cy\u0142 mi\u0119dzy innymi, \u017ce ludzie, kt\u00f3rzy mieli \u015bwiadomo\u015b\u0107 istnienia kogo\u015b bliskiego, kogo\u015b, kto by\u0142 dla nich wa\u017cny albo kogo\u015b, kogo bardzo kochali, potrafili \u0142atwiej znie\u015b\u0107 skrajnie trudne i niebezpieczne warunki \u017cycia. Ci &nbsp;bliscy ludzie to mog\u0142y by\u0107 osoby \u017cyj\u0105ce lub te\u017c osoby zmar\u0142e, kt\u00f3re odegra\u0142y w \u017cyciu wi\u0119\u017ani\u00f3w jak\u0105\u015b znacz\u0105c\u0105 rol\u0119. \u201ePrzetrwam ten ob\u00f3z, nie poddam si\u0119 rozpaczy, poniewa\u017c czeka na mnie \u017cona, m\u00f3j syn lub poniewa\u017c moja nie\u017cyj\u0105ca babcia powtarza\u0142a mi, \u017ce nigdy nie mam si\u0119 poddawa\u0107, \u017ce nie mam traci\u0107 nadziei.\u201d Taki zwi\u0105zek z kim\u015b bliskim, \u017cycie dla kogo\u015b bliskiego, kto odgrywa lub odegra\u0142 wa\u017cn\u0105 rol\u0119 w &nbsp;moim \u017cyciu pokaza\u0142 mi, \u017ce mo\u017ce to by\u0107 ogromn\u0105 motywacj\u0105, aby \u017cy\u0107 w spos\u00f3b celowy, albo czerpa\u0107 z tego si\u0142\u0119, gdy przyjd\u0105 jakie\u015b problemy lub trudno\u015bci. Niestety moja najbli\u017csza rodzina mieszka bardzo daleko i nie mam z ni\u0105 cz\u0119stych kontakt\u00f3w, wi\u0119c zacz\u0119\u0142am szuka\u0107 kogo\u015b innego, kto by\u0142by dla mnie tak\u0105 znacz\u0105c\u0105 osob\u0105. Oczywi\u015bcie znalaz\u0142am Kogo\u015b takiego. Jest to Osoba ju\u017c od wielu lat nie\u017cyj\u0105ca, umar\u0142a, kiedy mia\u0142am 23 lata, wi\u0119c d\u0142ugo Jej nie zna\u0142am. Jednak te lata i te chwile sp\u0119dzone z moim Stryjem, bo o Niego tu chodzi, by\u0142y dla mnie szczeg\u00f3lnie buduj\u0105ce i odegra\u0142y w moim \u017cyciu bardzo du\u017c\u0105 rol\u0119. M\u00f3j Stryj prze\u017cy\u0142 tak\u017ce ca\u0142\u0105 okupacj\u0119 w obozach koncentracyjnych, nie za\u0142ama\u0142 si\u0119 i zachowa\u0142 swoje warto\u015bci. To w\u0142a\u015bnie On jest t\u0105 znacz\u0105c\u0105 osob\u0105 w moim \u017cyciu. Jestem te\u017c osob\u0105 wierz\u0105c\u0105 i wierz\u0119 w \u015bwi\u0119tych obcowanie, wi\u0119c ufam, \u017ce Jego dusza istnieje, \u017ce gdzie\u015b jest obecna.<br \/>\nPowiedzia\u0142am sobie i cz\u0119sto to powtarzam, szczeg\u00f3lnie w trudnych sytuacjach, \u017ce bardzo chcia\u0142abym, aby m\u00f3j Stryj by\u0142 ze mnie dumny i abym nie nadu\u017cy\u0142a&nbsp; zaufania, kt\u00f3re mi okaza\u0142 za swojego \u017cycia. Jest to rzeczywi\u015bcie dla mnie bardzo motywuj\u0105ce i cz\u0119sto podnosi mnie na duchu. Viktor Frankl i jego idea sensu \u017cycia s\u0105 wi\u0119c&nbsp; aktualne do dzisiaj, a jego ksi\u0105\u017cka \u201eCz\u0142owiek w poszukiwaniu sensu\u201d mo\u017ce sta\u0107 si\u0119 pomoc\u0105 w znalezieniu motywacji i celu \u017cycia. Bardzo polecam t\u0119 lektur\u0119. &nbsp;&nbsp;&nbsp;<\/p>\n<p style=\"text-align: right;\">Anna Czapli\u0144ska<br \/>\nZdj\u0119cie: galeria w\u0142asna.<\/p>\n","protected":false},"excerpt":{"rendered":"<p>Psychologi\u0105 interesuj\u0119 si\u0119 ju\u017c od do\u015b\u0107 dawna. Szczeg\u00f3lnie ciekawi\u0105 mnie mechanizmy ludzkiego post\u0119powania, ludzkich zachowa\u0144. Kilka lat temu wpad\u0142a mi w r\u0119ce ksi\u0105\u017cka Viktora Frankla pt.: \u201eCz\u0142owiek w poszukiwaniu sensu\u201d. Mo\u017ce najpierw kilka s\u0142\u00f3w o autorze, bo to cz\u0142owiek bardzo ciekawy. Urodzi\u0142 si\u0119 w 1905 roku w Wiedniu, zmar\u0142 w roku 1997. By\u0142 austriackim psychiatr\u0105&#8230; <\/p>\n<div class=\"link-more\"><a href=\"http:\/\/stowarzyszeniejestem.pl\/jestesmy\/2021\/07\/12\/chcialabym-abys-byl-ze-mnie-dumny\/\">Read More<\/a><\/div>\n","protected":false},"author":15,"featured_media":1546,"comment_status":"open","ping_status":"open","sticky":false,"template":"","format":"standard","meta":{"_mi_skip_tracking":false,"ngg_post_thumbnail":0,"footnotes":""},"categories":[21],"tags":[],"class_list":["post-1545","post","type-post","status-publish","format-standard","has-post-thumbnail","hentry","category-psychologia-naszym-okiem"],"_links":{"self":[{"href":"http:\/\/stowarzyszeniejestem.pl\/jestesmy\/wp-json\/wp\/v2\/posts\/1545","targetHints":{"allow":["GET"]}}],"collection":[{"href":"http:\/\/stowarzyszeniejestem.pl\/jestesmy\/wp-json\/wp\/v2\/posts"}],"about":[{"href":"http:\/\/stowarzyszeniejestem.pl\/jestesmy\/wp-json\/wp\/v2\/types\/post"}],"author":[{"embeddable":true,"href":"http:\/\/stowarzyszeniejestem.pl\/jestesmy\/wp-json\/wp\/v2\/users\/15"}],"replies":[{"embeddable":true,"href":"http:\/\/stowarzyszeniejestem.pl\/jestesmy\/wp-json\/wp\/v2\/comments?post=1545"}],"version-history":[{"count":6,"href":"http:\/\/stowarzyszeniejestem.pl\/jestesmy\/wp-json\/wp\/v2\/posts\/1545\/revisions"}],"predecessor-version":[{"id":1554,"href":"http:\/\/stowarzyszeniejestem.pl\/jestesmy\/wp-json\/wp\/v2\/posts\/1545\/revisions\/1554"}],"wp:featuredmedia":[{"embeddable":true,"href":"http:\/\/stowarzyszeniejestem.pl\/jestesmy\/wp-json\/wp\/v2\/media\/1546"}],"wp:attachment":[{"href":"http:\/\/stowarzyszeniejestem.pl\/jestesmy\/wp-json\/wp\/v2\/media?parent=1545"}],"wp:term":[{"taxonomy":"category","embeddable":true,"href":"http:\/\/stowarzyszeniejestem.pl\/jestesmy\/wp-json\/wp\/v2\/categories?post=1545"},{"taxonomy":"post_tag","embeddable":true,"href":"http:\/\/stowarzyszeniejestem.pl\/jestesmy\/wp-json\/wp\/v2\/tags?post=1545"}],"curies":[{"name":"wp","href":"https:\/\/api.w.org\/{rel}","templated":true}]}}