{"id":1457,"date":"2021-03-10T14:39:18","date_gmt":"2021-03-10T13:39:18","guid":{"rendered":"http:\/\/stowarzyszeniejestem.pl\/jestesmy\/?p=1457"},"modified":"2021-03-10T14:40:57","modified_gmt":"2021-03-10T13:40:57","slug":"halowe-mistrzostwa-europy-w-lekkiej-atletyce-2021-w-toruniu","status":"publish","type":"post","link":"http:\/\/stowarzyszeniejestem.pl\/jestesmy\/2021\/03\/10\/halowe-mistrzostwa-europy-w-lekkiej-atletyce-2021-w-toruniu\/","title":{"rendered":"Halowe Mistrzostwa Europy w Lekkiej Atletyce 2021 w Toruniu"},"content":{"rendered":"<p>W Toruniu od 04.03 do 07.03.2021 r. odby\u0142y si\u0119 <strong>Halowe Mistrzostwa Europy w Lekkiej Atletyce<\/strong>.&nbsp; Polacy w tych mistrzostwach wypadli do\u015b\u0107 dobrze, chocia\u017c nieco s\u0142abiej w por\u00f3wnaniu z rokiem 2019. Nasi reprezentanci zdobyli dziesi\u0119\u0107 medali: jeden z\u0142oty, pi\u0119\u0107 srebrnych i cztery br\u0105zowe, co da\u0142o im dziewi\u0105te miejsce w klasyfikacji medalowej.<\/p>\n<p>Mazurek D\u0105browskiego zagrano jeden raz dla <strong>Patryka Dobka<\/strong>, kt\u00f3ry wygra\u0142 bieg na 800 m. Ten bieg bardzo mi si\u0119 podoba\u0142, poniewa\u017c medale przypad\u0142y tym zawodnikom, po kt\u00f3rych si\u0119 tego nie spodziewa\u0142em.<\/p>\n<p>O pechu, ale r\u00f3wnie\u017c i szcz\u0119\u015bciu, mo\u017ce m\u00f3wi\u0107 polska sztafeta pa\u0144 4&#215;400 m. Na rozgrzewce kontuzji nabawi\u0142a si\u0119 liderka grupy Justyna \u015awi\u0119ty-Ersetic, kt\u00f3r\u0105 trzeba by\u0142o zast\u0105pi\u0107 bardzo m\u0142od\u0105 i mniej do\u015bwiadczon\u0105 zawodniczk\u0105. Panie wywi\u0105za\u0142y si\u0119 z zadania doskonale, zdobywaj\u0105c br\u0105z.<\/p>\n<p>Zawody ze wzgl\u0119du na pandemi\u0119 odbywa\u0142y si\u0119 przy pustych trybunach; osobi\u015bcie to sprawdzi\u0142em udaj\u0105c si\u0119 drugiego dnia zawod\u00f3w pod hal\u0119 sportow\u0105 przy ul. Bema.<\/p>\n<p>Jedyne, co mog\u0142em zobaczy\u0107 na \u017cywo, to autokary z r\u00f3\u017cnych kraj\u00f3w europejskich, kt\u00f3re czeka\u0142y na swoich zawodnik\u00f3w, aby po rywalizacji danego dnia rozwie\u017a\u0107 ich do hoteli. Mia\u0142em te\u017c okazj\u0119 pos\u0142ucha\u0107 obcych j\u0119zyk\u00f3w i poobserwowa\u0107 zawodniczki biegaj\u0105ce podczas rozgrzewki wok\u00f3\u0142 hali.<\/p>\n<p><img loading=\"lazy\" decoding=\"async\" class=\"alignnone size-medium wp-image-1465\" src=\"http:\/\/stowarzyszeniejestem.pl\/jestesmy\/wp-content\/uploads\/2021\/03\/dobek-300x169.jpg\" alt=\"\" width=\"300\" height=\"169\" srcset=\"http:\/\/stowarzyszeniejestem.pl\/jestesmy\/wp-content\/uploads\/2021\/03\/dobek-300x169.jpg 300w, http:\/\/stowarzyszeniejestem.pl\/jestesmy\/wp-content\/uploads\/2021\/03\/dobek-533x300.jpg 533w, http:\/\/stowarzyszeniejestem.pl\/jestesmy\/wp-content\/uploads\/2021\/03\/dobek.jpg 640w\" sizes=\"auto, (max-width: 300px) 100vw, 300px\" \/><\/p>\n<p>Zdj\u0119cie pochodzi z: https:\/\/eurosport.tvn24.pl\/lekkoatletyka,128\/halowe-mistrzostwa-europy-torun-2021-patryk-dobek-po-wywalczeniu-zlota-na-800-m-lekkoatletyka,1052131.html<\/p>\n","protected":false},"excerpt":{"rendered":"<p>W Toruniu od 04.03 do 07.03.2021 r. odby\u0142y si\u0119 Halowe Mistrzostwa Europy w Lekkiej Atletyce.&nbsp; Polacy w tych mistrzostwach wypadli do\u015b\u0107 dobrze, chocia\u017c nieco s\u0142abiej w por\u00f3wnaniu z rokiem 2019. Nasi reprezentanci zdobyli dziesi\u0119\u0107 medali: jeden z\u0142oty, pi\u0119\u0107 srebrnych i cztery br\u0105zowe, co da\u0142o im dziewi\u0105te miejsce w klasyfikacji medalowej. Mazurek D\u0105browskiego zagrano jeden raz&#8230; <\/p>\n<div class=\"link-more\"><a href=\"http:\/\/stowarzyszeniejestem.pl\/jestesmy\/2021\/03\/10\/halowe-mistrzostwa-europy-w-lekkiej-atletyce-2021-w-toruniu\/\">Read More<\/a><\/div>\n","protected":false},"author":14,"featured_media":1465,"comment_status":"open","ping_status":"open","sticky":false,"template":"","format":"standard","meta":{"_mi_skip_tracking":false,"ngg_post_thumbnail":0,"footnotes":""},"categories":[11],"tags":[],"class_list":["post-1457","post","type-post","status-publish","format-standard","has-post-thumbnail","hentry","category-sport"],"_links":{"self":[{"href":"http:\/\/stowarzyszeniejestem.pl\/jestesmy\/wp-json\/wp\/v2\/posts\/1457","targetHints":{"allow":["GET"]}}],"collection":[{"href":"http:\/\/stowarzyszeniejestem.pl\/jestesmy\/wp-json\/wp\/v2\/posts"}],"about":[{"href":"http:\/\/stowarzyszeniejestem.pl\/jestesmy\/wp-json\/wp\/v2\/types\/post"}],"author":[{"embeddable":true,"href":"http:\/\/stowarzyszeniejestem.pl\/jestesmy\/wp-json\/wp\/v2\/users\/14"}],"replies":[{"embeddable":true,"href":"http:\/\/stowarzyszeniejestem.pl\/jestesmy\/wp-json\/wp\/v2\/comments?post=1457"}],"version-history":[{"count":4,"href":"http:\/\/stowarzyszeniejestem.pl\/jestesmy\/wp-json\/wp\/v2\/posts\/1457\/revisions"}],"predecessor-version":[{"id":1467,"href":"http:\/\/stowarzyszeniejestem.pl\/jestesmy\/wp-json\/wp\/v2\/posts\/1457\/revisions\/1467"}],"wp:featuredmedia":[{"embeddable":true,"href":"http:\/\/stowarzyszeniejestem.pl\/jestesmy\/wp-json\/wp\/v2\/media\/1465"}],"wp:attachment":[{"href":"http:\/\/stowarzyszeniejestem.pl\/jestesmy\/wp-json\/wp\/v2\/media?parent=1457"}],"wp:term":[{"taxonomy":"category","embeddable":true,"href":"http:\/\/stowarzyszeniejestem.pl\/jestesmy\/wp-json\/wp\/v2\/categories?post=1457"},{"taxonomy":"post_tag","embeddable":true,"href":"http:\/\/stowarzyszeniejestem.pl\/jestesmy\/wp-json\/wp\/v2\/tags?post=1457"}],"curies":[{"name":"wp","href":"https:\/\/api.w.org\/{rel}","templated":true}]}}