{"id":1099,"date":"2020-05-04T10:08:28","date_gmt":"2020-05-04T08:08:28","guid":{"rendered":"http:\/\/stowarzyszeniejestem.pl\/jestesmy\/?p=1099"},"modified":"2020-05-04T10:08:28","modified_gmt":"2020-05-04T08:08:28","slug":"zielarki-na-stos","status":"publish","type":"post","link":"http:\/\/stowarzyszeniejestem.pl\/jestesmy\/2020\/05\/04\/zielarki-na-stos\/","title":{"rendered":"Zielarki na stos!"},"content":{"rendered":"<p>Kiedy\u015b, gdzie\u015b palono na stosie czarownice&#8230; Nie tak bardzo \u201ekiedy\u015b\u201d i nie tak bardzo &#8222;gdzie\u015b&#8221;. Ostatni taki okrutny akt mia\u0142 miejsce w Gorzuchowie, w powiecie gnie\u017anie\u0144skim &#8211; to mi\u0119dzy Toruniem a Grudzi\u0105dzem, czyli za miedz\u0105. Zielarka &nbsp;mia\u0142a sp\u0142oszy\u0107 konia, &nbsp;je\u017adziec spad\u0142 i dotkliwie si\u0119 poturbowa\u0142&#8230; a mo\u017ce odrzuci\u0142a jego zaloty? Tak czy inaczej zosta\u0142a pos\u0105dzona o czary i po d\u0142ugim, okrutnym przes\u0142uchaniu, nawet si\u0119 do tego przyzna\u0142a. Uznana za winn\u0105 sp\u0142on\u0119\u0142a &#8211; wraz z innymi, podobnie oczernionymi dziesi\u0119cioma kobietami &#8211; na stosie; w\u015br\u00f3d nich by\u0142y te\u017c dwie nieletnie dziewczynki.<\/p>\n<p>Dzia\u0142o si\u0119 to w 1761 r., to troch\u0119 ponad 250 lat temu&#8230; czy to tak bardzo dawno? 125 lat temu urodzi\u0142 si\u0119 m\u00f3j dziadek.<\/p>\n<p><img loading=\"lazy\" decoding=\"async\" class=\"alignnone size-medium wp-image-1100\" src=\"http:\/\/stowarzyszeniejestem.pl\/jestesmy\/wp-content\/uploads\/2020\/04\/zdjecie60032021020120914pomnik-czarownicy-zielarki-225x300.jpg\" alt=\"\" width=\"225\" height=\"300\" srcset=\"http:\/\/stowarzyszeniejestem.pl\/jestesmy\/wp-content\/uploads\/2020\/04\/zdjecie60032021020120914pomnik-czarownicy-zielarki-225x300.jpg 225w, http:\/\/stowarzyszeniejestem.pl\/jestesmy\/wp-content\/uploads\/2020\/04\/zdjecie60032021020120914pomnik-czarownicy-zielarki.jpg 450w\" sizes=\"auto, (max-width: 225px) 100vw, 225px\" \/><\/p>\n","protected":false},"excerpt":{"rendered":"<p>Kiedy\u015b, gdzie\u015b palono na stosie czarownice&#8230; Nie tak bardzo \u201ekiedy\u015b\u201d i nie tak bardzo &#8222;gdzie\u015b&#8221;. Ostatni taki okrutny akt mia\u0142 miejsce w Gorzuchowie, w powiecie gnie\u017anie\u0144skim &#8211; to mi\u0119dzy Toruniem a Grudzi\u0105dzem, czyli za miedz\u0105. Zielarka &nbsp;mia\u0142a sp\u0142oszy\u0107 konia, &nbsp;je\u017adziec spad\u0142 i dotkliwie si\u0119 poturbowa\u0142&#8230; a mo\u017ce odrzuci\u0142a jego zaloty? Tak czy inaczej zosta\u0142a pos\u0105dzona&#8230; <\/p>\n<div class=\"link-more\"><a href=\"http:\/\/stowarzyszeniejestem.pl\/jestesmy\/2020\/05\/04\/zielarki-na-stos\/\">Read More<\/a><\/div>\n","protected":false},"author":9,"featured_media":0,"comment_status":"open","ping_status":"open","sticky":false,"template":"","format":"standard","meta":{"_mi_skip_tracking":false,"ngg_post_thumbnail":0,"footnotes":""},"categories":[19],"tags":[],"class_list":["post-1099","post","type-post","status-publish","format-standard","hentry","category-kultura"],"_links":{"self":[{"href":"http:\/\/stowarzyszeniejestem.pl\/jestesmy\/wp-json\/wp\/v2\/posts\/1099","targetHints":{"allow":["GET"]}}],"collection":[{"href":"http:\/\/stowarzyszeniejestem.pl\/jestesmy\/wp-json\/wp\/v2\/posts"}],"about":[{"href":"http:\/\/stowarzyszeniejestem.pl\/jestesmy\/wp-json\/wp\/v2\/types\/post"}],"author":[{"embeddable":true,"href":"http:\/\/stowarzyszeniejestem.pl\/jestesmy\/wp-json\/wp\/v2\/users\/9"}],"replies":[{"embeddable":true,"href":"http:\/\/stowarzyszeniejestem.pl\/jestesmy\/wp-json\/wp\/v2\/comments?post=1099"}],"version-history":[{"count":3,"href":"http:\/\/stowarzyszeniejestem.pl\/jestesmy\/wp-json\/wp\/v2\/posts\/1099\/revisions"}],"predecessor-version":[{"id":1118,"href":"http:\/\/stowarzyszeniejestem.pl\/jestesmy\/wp-json\/wp\/v2\/posts\/1099\/revisions\/1118"}],"wp:attachment":[{"href":"http:\/\/stowarzyszeniejestem.pl\/jestesmy\/wp-json\/wp\/v2\/media?parent=1099"}],"wp:term":[{"taxonomy":"category","embeddable":true,"href":"http:\/\/stowarzyszeniejestem.pl\/jestesmy\/wp-json\/wp\/v2\/categories?post=1099"},{"taxonomy":"post_tag","embeddable":true,"href":"http:\/\/stowarzyszeniejestem.pl\/jestesmy\/wp-json\/wp\/v2\/tags?post=1099"}],"curies":[{"name":"wp","href":"https:\/\/api.w.org\/{rel}","templated":true}]}}