{"id":1006,"date":"2020-04-03T10:58:38","date_gmt":"2020-04-03T08:58:38","guid":{"rendered":"http:\/\/stowarzyszeniejestem.pl\/jestesmy\/?p=1006"},"modified":"2020-04-03T10:58:38","modified_gmt":"2020-04-03T08:58:38","slug":"pietnasta-rocznica-smierci-jana-pawla-ii","status":"publish","type":"post","link":"http:\/\/stowarzyszeniejestem.pl\/jestesmy\/2020\/04\/03\/pietnasta-rocznica-smierci-jana-pawla-ii\/","title":{"rendered":"Pi\u0119tnasta rocznica \u015bmierci Jana Paw\u0142a II"},"content":{"rendered":"<p style=\"text-align: left;\">02 .O4.2005 roku w Watykanie zmar\u0142 Karol J\u00f3zef Wojty\u0142\u0142a, ur. 18 maja 1920 roku w Wadowicach &#8211; polski duchowny rzymskokatolicki, biskup pomocniczy krakowski (1958-1964), a nast\u0119pnie arcybiskup metropolita krakowski (1964-1978), kardyna\u0142 (1967-1978), zast\u0119pca przewodnicz\u0105cego Konfederacji Episkopatu Polski (1969-1978), 264 papie\u017c i 6 Suweren Pa\u0144stwa Watyka\u0144skiego .<\/p>\n<p style=\"text-align: left;\">Poeta i poliglota, a tak\u017ce aktor niezawodowy, dramaturg i pedagog. Filozof historii, fenomenolog, mistyk i przedstawiciel personalizmu chrze\u015bcija\u0144skiego.<\/p>\n<p style=\"text-align: left;\">Zosta\u0142 wybrany na papie\u017ca przez drugie zgromadzenie kardyna\u0142\u00f3w po \u015bmierci Jana Paw\u0142a I, kt\u00f3ry zmar\u0142 po trzydziestu trzech dniach pontyfikatu. Kardyna\u0142 Wojty\u0142\u0142a zosta\u0142 wybrany trzeciego dnia konklawe i przyj\u0105\u0142 imiona Jan Pawe\u0142 dla uhonorowania poprzednika. Jego wyb\u00f3r na Stolic\u0119 Piotrow\u0105 mia\u0142 szczeg\u00f3lny wp\u0142yw na wydarzenia w Europie Wschodniej i w Azji w latach 80. i 90. XX wieku, w szczeg\u00f3lno\u015bci na przemiany demokratyczne w Polsce i innych krajach bloku wschodniego. Za g\u0142\u00f3wny cel swego papiestwa Jan Pawe\u0142 II postawi\u0142 sobie transformacj\u0119 i zmian\u0119 po\u0142o\u017cenia Ko\u015bcio\u0142a katolickiego, chcia\u0142 &#8222;postawi\u0107 sw\u00f3j ko\u015bci\u00f3\u0142 w sercu nowego sojuszu religijnego, kt\u00f3ry zgromadzi\u0142by \u017cyd\u00f3w, muzu\u0142man\u00f3w i chrze\u015bcijan w wielkiej religijnej armadzie&#8221;. Przyczyni\u0142 si\u0119 do poprawienia relacji Ko\u015bcio\u0142a katolickiego z judaizmem, islamem, z Ko\u015bcio\u0142em prawos\u0142awnym oraz Wsp\u00f3lnot\u0105 anglika\u0144sk\u0105. Jan Pawe\u0142 II podziela\u0142 nauczanie ko\u015bcio\u0142a w takich kwestiach jak utrzymanie celibatu, pot\u0119pienie mechanicznej i chemicznej antykoncepcji oraz niedopuszczenie kobiet do \u015bwi\u0119cenia, za co by\u0142 przez niekt\u00f3rych krytykowany; i cho\u0107 popiera\u0142 reformy soboru watyka\u0144skiego II by\u0142 postrzegany jako konserwatywny w swojej interpretacji tych reform.<\/p>\n<p style=\"text-align: left;\">W trakcie pontyfikatu odwiedzi\u0142 129 kraj\u00f3w. Beatyfikowa\u0142 1340 os\u00f3b i kanonizowa\u0142 483 &#8211; to wi\u0119cej ni\u017c wszyscy jego poprzednicy w okresie pi\u0119ciu poprzedzaj\u0105cych wiek\u00f3w. Do czasu swojej \u015bmierci powo\u0142a\u0142 wi\u0119kszo\u015b\u0107 sk\u0142adu Kolegium Kardyna\u0142\u00f3w, konsekrowa\u0142 znaczn\u0105 liczb\u0119 biskup\u00f3w na \u015bwiecie i wy\u015bwi\u0119ci\u0142 wielu ksi\u0119\u017cy.<\/p>\n<p style=\"text-align: left;\">Jan Pawe\u0142 II by\u0142 pierwszym papie\u017cem spoza W\u0142och od czasu holenderskiego papie\u017ca Hadriana VI (1522-1523), a tak\u017ce drugim najd\u0142u\u017cej urz\u0119duj\u0105cym papie\u017cem we wsp\u00f3\u0142czesnej historii &#8211; po papie\u017cu Piusie IX (1846-1878).<\/p>\n<p style=\"text-align: left;\">Zmar\u0142 2 kwietnia 2005 roku. W ceremonii pogrzebowej uczestniczy\u0142y delegacje z ponad 150 pa\u0144stw, a w Polsce og\u0142oszona zosta\u0142a sze\u015bciodniowa \u017ca\u0142oba narodowa. Proces beatyfikacyjny Jana Paw\u0142a II rozpocz\u0105\u0142 si\u0119 miesi\u0105c po jego pogrzebie, z pomini\u0119ciem tradycyjnego pi\u0119cioletniego okresu oczekiwania. Zosta\u0142 beatyfikowany 1 maja 2011 roku, po czym 27 kwietnia 2014 roku zosta\u0142 kanonizowany (r\u00f3wnocze\u015bnie z papie\u017cem Janem XXIII). Wydarzenie to przesz\u0142o do historii Ko\u015bcio\u0142a z powodu og\u0142oszenia \u015bwi\u0119tymi dw\u00f3ch papie\u017cy w obecno\u015bci dw\u00f3ch biskup\u00f3w Rzymu &#8211; urz\u0119duj\u0105cego Franciszka i emerytowanego Benedykta XVI.<\/p>\n<p style=\"text-align: left;\">Karol J\u00f3zef Wojty\u0142\u0142a jest i na d\u0142ugo pozostanie najlepszym Polakiem w historii naszego narodu.<\/p>\n","protected":false},"excerpt":{"rendered":"<p>02 .O4.2005 roku w Watykanie zmar\u0142 Karol J\u00f3zef Wojty\u0142\u0142a, ur. 18 maja 1920 roku w Wadowicach &#8211; polski duchowny rzymskokatolicki, biskup pomocniczy krakowski (1958-1964), a nast\u0119pnie arcybiskup metropolita krakowski (1964-1978), kardyna\u0142 (1967-1978), zast\u0119pca przewodnicz\u0105cego Konfederacji Episkopatu Polski (1969-1978), 264 papie\u017c i 6 Suweren Pa\u0144stwa Watyka\u0144skiego . Poeta i poliglota, a tak\u017ce aktor niezawodowy, dramaturg i&#8230; <\/p>\n<div class=\"link-more\"><a href=\"http:\/\/stowarzyszeniejestem.pl\/jestesmy\/2020\/04\/03\/pietnasta-rocznica-smierci-jana-pawla-ii\/\">Read More<\/a><\/div>\n","protected":false},"author":10,"featured_media":1005,"comment_status":"open","ping_status":"open","sticky":false,"template":"","format":"standard","meta":{"_mi_skip_tracking":false,"ngg_post_thumbnail":0,"footnotes":""},"categories":[13],"tags":[],"class_list":["post-1006","post","type-post","status-publish","format-standard","has-post-thumbnail","hentry","category-pisac-kazdy-moze"],"_links":{"self":[{"href":"http:\/\/stowarzyszeniejestem.pl\/jestesmy\/wp-json\/wp\/v2\/posts\/1006","targetHints":{"allow":["GET"]}}],"collection":[{"href":"http:\/\/stowarzyszeniejestem.pl\/jestesmy\/wp-json\/wp\/v2\/posts"}],"about":[{"href":"http:\/\/stowarzyszeniejestem.pl\/jestesmy\/wp-json\/wp\/v2\/types\/post"}],"author":[{"embeddable":true,"href":"http:\/\/stowarzyszeniejestem.pl\/jestesmy\/wp-json\/wp\/v2\/users\/10"}],"replies":[{"embeddable":true,"href":"http:\/\/stowarzyszeniejestem.pl\/jestesmy\/wp-json\/wp\/v2\/comments?post=1006"}],"version-history":[{"count":3,"href":"http:\/\/stowarzyszeniejestem.pl\/jestesmy\/wp-json\/wp\/v2\/posts\/1006\/revisions"}],"predecessor-version":[{"id":1010,"href":"http:\/\/stowarzyszeniejestem.pl\/jestesmy\/wp-json\/wp\/v2\/posts\/1006\/revisions\/1010"}],"wp:featuredmedia":[{"embeddable":true,"href":"http:\/\/stowarzyszeniejestem.pl\/jestesmy\/wp-json\/wp\/v2\/media\/1005"}],"wp:attachment":[{"href":"http:\/\/stowarzyszeniejestem.pl\/jestesmy\/wp-json\/wp\/v2\/media?parent=1006"}],"wp:term":[{"taxonomy":"category","embeddable":true,"href":"http:\/\/stowarzyszeniejestem.pl\/jestesmy\/wp-json\/wp\/v2\/categories?post=1006"},{"taxonomy":"post_tag","embeddable":true,"href":"http:\/\/stowarzyszeniejestem.pl\/jestesmy\/wp-json\/wp\/v2\/tags?post=1006"}],"curies":[{"name":"wp","href":"https:\/\/api.w.org\/{rel}","templated":true}]}}